{"id":1470,"date":"2024-07-21T18:21:37","date_gmt":"2024-07-21T16:21:37","guid":{"rendered":"http:\/\/www.metal-escalation.at\/?p=1470"},"modified":"2024-07-21T18:21:37","modified_gmt":"2024-07-21T16:21:37","slug":"21-07-2024","status":"publish","type":"post","link":"http:\/\/www.metal-escalation.at\/index.php\/21-07-2024\/","title":{"rendered":"21.07.2024"},"content":{"rendered":"\n<p>MARIA KUBIZEK &#8211; VIOLINE<\/p>\n\n\n\n<p>Die Geigerin stammt aus einer Musiker- und K\u00fcnstlerfamilie. Bereits mit 5 Jahren begann sie Geige zu lernen. Sie studierte in Wien, Salzburg und London.<br>Mit 17 Jahren erfolgte ihre erste 6 w\u00f6chige Tournee quer durch Japan. Seither ist sie regelm\u00e4\u00dfig in den wichtigsten Konzerth\u00e4usern Europas, Nord- und S\u00fcdamerikas sowie Ostasiens aufgetreten. Sie arbeitete dabei mit den ber\u00fchmtesten Dirigenten der klassischen Musik zusammen wie Claudio Abbado, Carlo Maria Giulini, Nikolaus Harnoncourt, Bernhard Haitink uva.<br>Maria ist von der fr\u00fchen Barockmusik bis in die heutige Zeit in den meisten Stilrichtungen zu Hause und spielt auch viel auf historischen Instrumenten der jeweiligen Epoche.<br>Als Konzertmeisterin, Solistin und Ensembleleiterin arbeitete sie mit zahlreichen renommierten Klangk\u00f6rpern wie dem Kammerorchester Basel, dem Concentus Musicus Wien, der Capella Czestochoviensis Polen, dem Zamus Ensemble K\u00f6ln, dem Ensemble Zefiro Italien, der Wiener Akademie uva.<\/p>\n\n\n\n<p>Zur Musik W.A.Mozarts hat Maria eine besonders enge Beziehung.<br>Bereits in jungen Jahren trat sie im goldenen Saal des Wiener Musikvereins als Solistin s\u00e4mtlicher Violinkonzerte Mozarts auf und spielte diese wiederholt auch in Asien und quer durch Europa.<br>Ihre Discographie umfasst Kammermusik vom fr\u00fchen Barock bis in die Romantik, jeweils auf historischen Originalinstrumenten.<br>Auf einer ihrer Aufnahmen spielt die K\u00fcnstlerin Violinsonaten von W.A.Mozart auf der Geige aus dem Besitz seines Vaters Leopold Mozart, die sich im Kunsthistorischen Museum in Wien befindet.<\/p>\n\n\n\n<p>Metal Musik lernte Maria durch ihre Tochter Ofira kennen und sich daf\u00fcr begeistern.<br>Sie ist \u00fcberzeugt, dass diese Musik mit ihrem Temperament und ihrer Lebendigkeit hervorragend zur Musik des unvergleichlichen Genies Mozart passen kann und es ist ihr ein Anliegen, diese Verbindung zu beleuchten.<\/p>\n\n\n\n<p>Neben ihrer T\u00e4tigkeit als Geigerin engagiert sich Maria Kubizek seit Jahren intensiv f\u00fcr die von ihr ins Leben gerufene intuitive Klangarbeit SIRA, die \u00fcberall dort ansetzt, wo Worte fehlen, wo es gilt, N\u00e4he und Br\u00fccken des Verst\u00e4ndnisses aufzubauen, sei es bei Fr\u00fchgeborenen oder bei jungen Menschen, die nicht in unser Gesellschaftssystem zu passen scheinen, wo Begabungen und Potentiale nicht erkannt oder gelebt werden, oder auch bei physischen Erkrankungen, die zu einem therapeutischen Stillstand gekommen sind oder im Hospizbereich.<\/p>\n\n\n\n<p>Alle Menschen, die sich mit ganzem Herzen f\u00fcr eine friedlichere Welt einsetzen, in der Menschen und V\u00f6lker aufeinander zugehen anstatt sich zu bek\u00e4mpfen und in der der Natur endlich der dringendst ben\u00f6tigte Respekt und die Wertsch\u00e4tzung entgegengebracht werden, sind Marias Vorbilder.<\/p>\n\n\n\n<p>Hardtickets k\u00f6nnt ihr \u00fcber unsere Homepage, oder \u00fcber die Vorverkaufsstellen kaufen:<br>www.metal-escalation.at<br>Kirchenst\u00fcberl Schl\u00f6glm\u00fchl<br>W\u00fcrstelbaron Gloggnitz<br>Der Feinspitz Neunkirchen<\/p>\n\n\n\n<p>Vorverkaufsstellen E-Ticket:<br><a href=\"https:\/\/www.oeticket.com\/eventseries\/metal-escalation-festival-2024-3600533\/?affiliate=B38\" target=\"_blank\" rel=\"noreferrer noopener\">https:\/\/www.oeticket.com\/<\/a><br><a href=\"https:\/\/www.eventim-light.com\/at\/a\/5cfaad1b5056590001d6f83c\/e\/65dcd1e55df7506e017dc55c\" target=\"_blank\" rel=\"noreferrer noopener\">https:\/\/www.eventim-light.com\/<\/a><\/p>\n\n\n\n<figure class=\"wp-block-image size-full\"><img loading=\"lazy\" decoding=\"async\" width=\"856\" height=\"1200\" src=\"http:\/\/www.metal-escalation.at\/wp-content\/uploads\/2024\/07\/MEF24_Webflyer_Neu.png\" alt=\"\" class=\"wp-image-1456\"\/><\/figure>\n","protected":false},"excerpt":{"rendered":"<p>MARIA KUBIZEK &#8211; VIOLINE Die Geigerin stammt aus einer Musiker- und K\u00fcnstlerfamilie. Bereits mit 5 Jahren begann sie Geige zu lernen. Sie studierte in Wien, Salzburg und London.Mit 17 Jahren erfolgte ihre erste 6 w\u00f6chige Tournee quer durch Japan. Seither ist sie regelm\u00e4\u00dfig in den wichtigsten Konzerth\u00e4usern Europas, Nord- und S\u00fcdamerikas sowie Ostasiens aufgetreten. Sie [&hellip;]<\/p>\n","protected":false},"author":1,"featured_media":0,"comment_status":"closed","ping_status":"open","sticky":false,"template":"","format":"standard","meta":{"ngg_post_thumbnail":0,"footnotes":""},"categories":[1],"tags":[],"class_list":["post-1470","post","type-post","status-publish","format-standard","hentry","category-allgemein"],"_links":{"self":[{"href":"http:\/\/www.metal-escalation.at\/index.php\/wp-json\/wp\/v2\/posts\/1470","targetHints":{"allow":["GET"]}}],"collection":[{"href":"http:\/\/www.metal-escalation.at\/index.php\/wp-json\/wp\/v2\/posts"}],"about":[{"href":"http:\/\/www.metal-escalation.at\/index.php\/wp-json\/wp\/v2\/types\/post"}],"author":[{"embeddable":true,"href":"http:\/\/www.metal-escalation.at\/index.php\/wp-json\/wp\/v2\/users\/1"}],"replies":[{"embeddable":true,"href":"http:\/\/www.metal-escalation.at\/index.php\/wp-json\/wp\/v2\/comments?post=1470"}],"version-history":[{"count":1,"href":"http:\/\/www.metal-escalation.at\/index.php\/wp-json\/wp\/v2\/posts\/1470\/revisions"}],"predecessor-version":[{"id":1471,"href":"http:\/\/www.metal-escalation.at\/index.php\/wp-json\/wp\/v2\/posts\/1470\/revisions\/1471"}],"wp:attachment":[{"href":"http:\/\/www.metal-escalation.at\/index.php\/wp-json\/wp\/v2\/media?parent=1470"}],"wp:term":[{"taxonomy":"category","embeddable":true,"href":"http:\/\/www.metal-escalation.at\/index.php\/wp-json\/wp\/v2\/categories?post=1470"},{"taxonomy":"post_tag","embeddable":true,"href":"http:\/\/www.metal-escalation.at\/index.php\/wp-json\/wp\/v2\/tags?post=1470"}],"curies":[{"name":"wp","href":"https:\/\/api.w.org\/{rel}","templated":true}]}}